{"id":504,"date":"2021-05-09T15:34:41","date_gmt":"2021-05-09T15:34:41","guid":{"rendered":"http:\/\/galraorenovaveis.pt\/?p=504"},"modified":"2021-09-14T16:55:48","modified_gmt":"2021-09-14T16:55:48","slug":"2a-edicao-do-programa-edificios-sustentaveis","status":"publish","type":"post","link":"https:\/\/galraorenovaveis.pt\/index.php\/2021\/05\/09\/2a-edicao-do-programa-edificios-sustentaveis\/","title":{"rendered":"2\u00aa Edi\u00e7\u00e3o do Programa \u201cEdif\u00edcios + Sustent\u00e1veis&#8221;"},"content":{"rendered":"\n<p>Depois do enorme sucesso da 1\u00aa edi\u00e7\u00e3o, \u00e9 j\u00e1 no ver\u00e3o que vai chegar a <strong>2\u00aa edi\u00e7\u00e3o do Programa &#8220;Edif\u00edcios + Sustent\u00e1veis&#8221;<\/strong> e, desta feita, com uma dota\u00e7\u00e3o sete vezes superior.<\/p>\n\n\n\n<h2>2\u00aa edi\u00e7\u00e3o do Programa &#8220;Edif\u00edcios + Sustent\u00e1veis&#8221; com apoio da UE<\/h2>\n\n\n\n<p>Se est\u00e1 a pensar investir em janelas eficientes e pain\u00e9is solares saiba que no ver\u00e3o poder\u00e1 apresentar a sua candidatura ao programa do Fundo Ambiental que, na sua primeira edi\u00e7\u00e3o esgotou os 8,5 milh\u00f5es de euros que foram disponibilizados.<\/p>\n\n\n\n<p>Nesta segunda fase, os apoios na ordem dos 30 milh\u00f5es de euros chegam de Bruxelas, canalizados atrav\u00e9s do Plano de Recupera\u00e7\u00e3o e Resili\u00eancia.<\/p>\n\n\n\n<p>\u00c0 semelhan\u00e7a do sucedido na edi\u00e7\u00e3o anterior, a taxa de comparticipa\u00e7\u00e3o dos investimentos continua a fixar-se nos 70%.<\/p>\n\n\n\n<h3>Quadro de projetos eleg\u00edveis para apoio do Programa &#8220;Edif\u00edcios + Sustent\u00e1veis&#8221;<\/h3>\n\n\n\n<p>Veja no quadro abaixo quais os projetos eleg\u00edveis para serem apoiados por este programa, bem como as respetivas taxas de comparticipa\u00e7\u00e3o e limites.<\/p>\n\n\n\n<figure class=\"wp-block-table is-style-stripes\"><table><tbody><tr><td>N\u00ba Tipologia<\/td><td>Tipologia de Projeto<\/td><td>Taxa de comparticipa\u00e7\u00e3o<\/td><td>Limite<\/td><\/tr><tr><td>1<\/td><td>Janelas eficientes, de classe igual ou superior a &#8220;A+&#8221;<\/td><td>70%<\/td><td>1.500\u20ac<\/td><\/tr><tr><td>2<\/td><td>Isolamento t\u00e9rmico desde que efetuado com ecomaterais ou materiais reciclados<\/td><td>&#8211;<\/td><td>&#8211;<\/td><\/tr><tr><td>2.1<\/td><td>Isolamento t\u00e9rmico em coberturas ou pavimentos exteriores e interiores<\/td><td>70%<\/td><td>1.500\u20ac<\/td><\/tr><tr><td>2.2<\/td><td>Isolamento t\u00e9rmico em paredes exteriores ou interiores<\/td><td>70%<\/td><td>3.000\u20ac<\/td><\/tr><tr><td>3<\/td><td>Sistemas de aquecimento e\/ou arrefecimento ambiente e de \u00e1guas quentes sanit\u00e1rias (AQS) que recorram a energia de fonte renov\u00e1vel, de classe A+ ou superior<\/td><td>&#8211;<\/td><td>&#8211;<\/td><\/tr><tr><td>3.1<\/td><td>Bomba de Calor<\/td><td>70%<\/td><td>2.500\u20ac<\/td><\/tr><tr><td>3.2<\/td><td>Sistema Solar T\u00e9rmico<\/td><td>70%<\/td><td>2.500\u20ac<\/td><\/tr><tr><td>3.3<\/td><td>Caldeiras e recuperadores a biomassa com elevada efici\u00eancia<\/td><td>70%<\/td><td>1.500\u20ac<\/td><\/tr><tr><td>3.4<\/td><td>Caldeiras el\u00e9tricas quando acopladas a outros sistemas que recorram a energias renov\u00e1veis (bombas de calor e pain\u00e9is solares)<\/td><td>70%<\/td><td>750\u20ac<\/td><\/tr><tr><td>4<\/td><td>Instala\u00e7\u00e3o de pain\u00e9is fotovoltaicos e outros equipamentos de produ\u00e7\u00e3o de energia renov\u00e1vel para autoconsumo<\/td><td>70%<\/td><td>2.500\u20ac<\/td><\/tr><tr><td>5<\/td><td>Interven\u00e7\u00f5es que visem a efici\u00eancia h\u00eddrica: substitui\u00e7\u00e3o de equipamentos por equipamentos mais eficientes (torneiras das casas de banho, torneira do lava-loi\u00e7a, chuveiros, autoclismos, autoclismos com dupla entrada de \u00e1gua &#8211; pot\u00e1vel e n\u00e3o pot\u00e1vel -, flux\u00f3metros, redutores de press\u00e3o e reguladores de caudal)<\/td><td>70%<\/td><td>500\u20ac<\/td><\/tr><tr><td>6<\/td><td>Interven\u00e7\u00f5es que promovam a incorpora\u00e7\u00e3o de biomateriais, materiais reciclados, solu\u00e7\u00f5es de base natural, fachadas e coberturas verdes e solu\u00e7\u00f5es de arquitetura bioclim\u00e1tica<\/td><td>70%<\/td><td>3.000\u20ac<\/td><\/tr><\/tbody><\/table><\/figure>\n\n\n\n<p>Na Galr\u00e3o Renov\u00e1veis estamos dispon\u00edveis para o ajudar na sua candidatura. Basta contactar-nos que teremos todo o gosto em o apoiar na formaliza\u00e7\u00e3o do seu pedido \u00e0 <em>2\u00aa edi\u00e7\u00e3o do Programa &#8220;Edif\u00edcios + Sustent\u00e1veis&#8221;<\/em>, por forma a tornar a sua casa ainda mais confort\u00e1vel e sustent\u00e1vel.<\/p>\n\n\n\n<p><\/p>\n","protected":false},"excerpt":{"rendered":"<p>Depois do enorme sucesso da 1\u00aa edi\u00e7\u00e3o, \u00e9 j\u00e1 no ver\u00e3o que vai chegar a 2\u00aa edi\u00e7\u00e3o do Programa &#8220;Edif\u00edcios + Sustent\u00e1veis&#8221; e, desta feita, com uma dota\u00e7\u00e3o sete vezes superior. 2\u00aa edi\u00e7\u00e3o do Programa &#8220;Edif\u00edcios + Sustent\u00e1veis&#8221; com apoio da UE Se est\u00e1 a &hellip; <a href=\"https:\/\/galraorenovaveis.pt\/index.php\/2021\/05\/09\/2a-edicao-do-programa-edificios-sustentaveis\/\" class=\"more-link\"><span>Continue reading<span class=\"screen-reader-text\">2\u00aa Edi\u00e7\u00e3o do Programa \u201cEdif\u00edcios + Sustent\u00e1veis&#8221;<\/span><\/span><\/a><\/p>\n","protected":false},"author":4,"featured_media":577,"comment_status":"closed","ping_status":"closed","sticky":false,"template":"","format":"standard","meta":{"_joinchat":[]},"categories":[1],"tags":[],"_links":{"self":[{"href":"https:\/\/galraorenovaveis.pt\/index.php\/wp-json\/wp\/v2\/posts\/504"}],"collection":[{"href":"https:\/\/galraorenovaveis.pt\/index.php\/wp-json\/wp\/v2\/posts"}],"about":[{"href":"https:\/\/galraorenovaveis.pt\/index.php\/wp-json\/wp\/v2\/types\/post"}],"author":[{"embeddable":true,"href":"https:\/\/galraorenovaveis.pt\/index.php\/wp-json\/wp\/v2\/users\/4"}],"replies":[{"embeddable":true,"href":"https:\/\/galraorenovaveis.pt\/index.php\/wp-json\/wp\/v2\/comments?post=504"}],"version-history":[{"count":6,"href":"https:\/\/galraorenovaveis.pt\/index.php\/wp-json\/wp\/v2\/posts\/504\/revisions"}],"predecessor-version":[{"id":578,"href":"https:\/\/galraorenovaveis.pt\/index.php\/wp-json\/wp\/v2\/posts\/504\/revisions\/578"}],"wp:featuredmedia":[{"embeddable":true,"href":"https:\/\/galraorenovaveis.pt\/index.php\/wp-json\/wp\/v2\/media\/577"}],"wp:attachment":[{"href":"https:\/\/galraorenovaveis.pt\/index.php\/wp-json\/wp\/v2\/media?parent=504"}],"wp:term":[{"taxonomy":"category","embeddable":true,"href":"https:\/\/galraorenovaveis.pt\/index.php\/wp-json\/wp\/v2\/categories?post=504"},{"taxonomy":"post_tag","embeddable":true,"href":"https:\/\/galraorenovaveis.pt\/index.php\/wp-json\/wp\/v2\/tags?post=504"}],"curies":[{"name":"wp","href":"https:\/\/api.w.org\/{rel}","templated":true}]}}