{"id":553,"date":"2021-09-14T17:22:25","date_gmt":"2021-09-14T17:22:25","guid":{"rendered":"http:\/\/galraorenovaveis.pt\/?p=553"},"modified":"2021-09-14T17:22:29","modified_gmt":"2021-09-14T17:22:29","slug":"alteracoes-climaticas-o-mais-grave-problema-do-mundo","status":"publish","type":"post","link":"https:\/\/galraorenovaveis.pt\/index.php\/2021\/09\/14\/alteracoes-climaticas-o-mais-grave-problema-do-mundo\/","title":{"rendered":"Altera\u00e7\u00f5es Clim\u00e1ticas &#8211; O mais grave problema do mundo"},"content":{"rendered":"\n<p>De acordo com os resultados de um inqu\u00e9rito levado a cabo pela Eurobar\u00f3metro, as altera\u00e7\u00f5es clim\u00e1ticas est\u00e3o no topo das preocupa\u00e7\u00f5es dos cidad\u00e3os europeus.<\/p>\n\n\n\n<h2>Os dados do inqu\u00e9rito<\/h2>\n\n\n\n<p>Para os europeus, as altera\u00e7\u00f5es clim\u00e1ticas s\u00e3o o mais grave problema dos nossos dias. Na verdade, 93% considera que o clima \u00e9 um problema grave e 78% acha-o extremamente grave.<\/p>\n\n\n\n<p>Quando chamados a identificar o problema mais grave que o mundo enfrenta hoje em dia, 18% respondeu as altera\u00e7\u00f5es clim\u00e1ticas, 7% indicou a deteriora\u00e7\u00e3o da natureza e 4% respondeu os problemas de sa\u00fade causados pela polui\u00e7\u00e3o. Estes dados revelam que quase 30% dos europeus est\u00e3o verdadeiramente preocupados com as quest\u00f5es ambientais e exigem medidas concretas para as resolver.<\/p>\n\n\n\n<h3>Estrat\u00e9gias a adotar<\/h3>\n\n\n\n<p>O estudo da Eurobar\u00f3metro vai al\u00e9m das preocupa\u00e7\u00f5es e analisou tamb\u00e9m as solu\u00e7\u00f5es que os europeus preconizam para os problemas ambientais.<\/p>\n\n\n\n<p>Assim, 90% dos inquiridos, ou seja nove em cada dez, defende que a<strong> redu\u00e7\u00e3o ao m\u00ednimo das emiss\u00f5es de gases com efeito de estufa<\/strong>, por forma a cumprir a meta da neutralidade clim\u00e1tica da UE at\u00e9 2050.&nbsp;&nbsp;Al\u00e9m disso, 87% apoia o refor\u00e7o da <strong>utiliza\u00e7\u00e3o das energias renov\u00e1veis<\/strong> e o aumento do apoio \u00e0 <strong>melhoria da efici\u00eancia energ\u00e9tica<\/strong>.<\/p>\n\n\n\n<h3>Reformas individuais e estruturais<\/h3>\n\n\n\n<p>64% dos contactados assumiu j\u00e1 fazer escolhas mais sustent\u00e1veis e amigas do ambiente no seu dia-a-dia. Contudo, est\u00e3o convictos que a UE (57%), os governos nacionais (63%) e as empresas e a ind\u00fastria (58%) t\u00eam de enveredar por um caminho de <strong>reformas estruturais que consolidem as atitudes individuais<\/strong>. Para que tal aconte\u00e7a, 81% dos europeus apoiam um <strong>maior financiamento p\u00fablico \u00e0s energias limpas<\/strong> e uma <strong>redu\u00e7\u00e3o dos subs\u00eddios aos combust\u00edveis f\u00f3sseis<\/strong> que s\u00e3o mais poluentes. Tr\u00eas quartos dos inquiridos (75%) acredita que o <strong>investimento na recupera\u00e7\u00e3o econ\u00f3mica deve focar-se na chamada economia verde<\/strong>.<\/p>\n\n\n\n<h3>Ambiente e economia<\/h3>\n\n\n\n<p>Uma das conclus\u00f5es mais interessantes do estudo indica que os europeus acreditam que a defesa do clima abre novas oportunidades \u00e0 economia. De facto, 78% dos inquiridos cr\u00ea que a ado\u00e7\u00e3o de medidas de prote\u00e7\u00e3o do clima vai exigir uma <strong>maior inova\u00e7\u00e3o<\/strong> por parte das empresas europeias que as tornar\u00e1 mais competitivas. Por outro lado, 70% v\u00ea a redu\u00e7\u00e3o das importa\u00e7\u00f5es de combust\u00edveis f\u00f3sseis como um benef\u00edcio para as economias europeias. Al\u00e9m disso, os europeus est\u00e3o convictos que a divulga\u00e7\u00e3o do know-how especializado em tecnologias limpas noutros pa\u00edses ir\u00e1 levar \u00e0 cria\u00e7\u00e3o de novos postos de trabalho dentro da UE.<\/p>\n\n\n\n<p>Por fim, terminamos este artigo com um dado que demonstra bem a consciencializa\u00e7\u00e3o dos europeus para as quest\u00f5es de sustentabilidade e que traz esperan\u00e7a \u00e0 implementa\u00e7\u00e3o de medidas mais robustas e eficazes: 74%, isto \u00e9, mais de sete em cada dez, defende que o <strong>custo dos danos provocados pelas altera\u00e7\u00f5es clim\u00e1ticas \u00e9 substancialmente mais elevado do que o investimento necess\u00e1rio \u00e0 transi\u00e7\u00e3o ecol\u00f3gica<\/strong>.<\/p>\n\n\n\n<p>Na Galr\u00e3o Renov\u00e1veis estamos dispon\u00edveis para lhe apresentar as solu\u00e7\u00f5es sustent\u00e1veis mais adequadas ao seu caso em concreto, ajudando-o a contribuir para um ambiente mais limpo. Basta contactar-nos.<\/p>\n","protected":false},"excerpt":{"rendered":"<p>De acordo com os resultados de um inqu\u00e9rito levado a cabo pela Eurobar\u00f3metro, as altera\u00e7\u00f5es clim\u00e1ticas est\u00e3o no topo das preocupa\u00e7\u00f5es dos cidad\u00e3os europeus. Os dados do inqu\u00e9rito Para os europeus, as altera\u00e7\u00f5es clim\u00e1ticas s\u00e3o o mais grave problema dos nossos dias. Na verdade, 93% &hellip; <a href=\"https:\/\/galraorenovaveis.pt\/index.php\/2021\/09\/14\/alteracoes-climaticas-o-mais-grave-problema-do-mundo\/\" class=\"more-link\"><span>Continue reading<span class=\"screen-reader-text\">Altera\u00e7\u00f5es Clim\u00e1ticas &#8211; O mais grave problema do mundo<\/span><\/span><\/a><\/p>\n","protected":false},"author":4,"featured_media":593,"comment_status":"closed","ping_status":"closed","sticky":false,"template":"","format":"standard","meta":{"_joinchat":[]},"categories":[1],"tags":[],"_links":{"self":[{"href":"https:\/\/galraorenovaveis.pt\/index.php\/wp-json\/wp\/v2\/posts\/553"}],"collection":[{"href":"https:\/\/galraorenovaveis.pt\/index.php\/wp-json\/wp\/v2\/posts"}],"about":[{"href":"https:\/\/galraorenovaveis.pt\/index.php\/wp-json\/wp\/v2\/types\/post"}],"author":[{"embeddable":true,"href":"https:\/\/galraorenovaveis.pt\/index.php\/wp-json\/wp\/v2\/users\/4"}],"replies":[{"embeddable":true,"href":"https:\/\/galraorenovaveis.pt\/index.php\/wp-json\/wp\/v2\/comments?post=553"}],"version-history":[{"count":2,"href":"https:\/\/galraorenovaveis.pt\/index.php\/wp-json\/wp\/v2\/posts\/553\/revisions"}],"predecessor-version":[{"id":555,"href":"https:\/\/galraorenovaveis.pt\/index.php\/wp-json\/wp\/v2\/posts\/553\/revisions\/555"}],"wp:featuredmedia":[{"embeddable":true,"href":"https:\/\/galraorenovaveis.pt\/index.php\/wp-json\/wp\/v2\/media\/593"}],"wp:attachment":[{"href":"https:\/\/galraorenovaveis.pt\/index.php\/wp-json\/wp\/v2\/media?parent=553"}],"wp:term":[{"taxonomy":"category","embeddable":true,"href":"https:\/\/galraorenovaveis.pt\/index.php\/wp-json\/wp\/v2\/categories?post=553"},{"taxonomy":"post_tag","embeddable":true,"href":"https:\/\/galraorenovaveis.pt\/index.php\/wp-json\/wp\/v2\/tags?post=553"}],"curies":[{"name":"wp","href":"https:\/\/api.w.org\/{rel}","templated":true}]}}