{"id":609,"date":"2021-11-29T10:45:40","date_gmt":"2021-11-29T10:45:40","guid":{"rendered":"http:\/\/galraorenovaveis.pt\/?p=609"},"modified":"2021-11-29T11:27:00","modified_gmt":"2021-11-29T11:27:00","slug":"willis-carrier-o-inventor-do-ar-condiciondo","status":"publish","type":"post","link":"https:\/\/galraorenovaveis.pt\/index.php\/2021\/11\/29\/willis-carrier-o-inventor-do-ar-condiciondo\/","title":{"rendered":"Willis Carrier &#8211; O inventor do ar condiciondo"},"content":{"rendered":"\n<p>Se no nosso texto <a href=\"https:\/\/galraorenovaveis.pt\/index.php\/2021\/11\/16\/breve-historia-do-ar-condicionado\/\" target=\"_blank\" rel=\"noreferrer noopener\">Breve Hist\u00f3ria do Ar Condicionado<\/a> abord\u00e1mos a evolu\u00e7\u00e3o deste equipamento, no artigo de hoje vamos desvendar um pouco da vida do engenheiro mec\u00e2nico norte americano considerado o pai destes equipamentos: Willis Carrier.<\/p>\n\n\n\n<h2>Willis Carrier &#8211; inventor do ar condicionado<\/h2>\n\n\n\n<p>Carrier nasceu em 1876, no estado de Nova Iorque, EUA, filho de Duane Carrier Williams (1836 &#8211; 1908) e de Elizabeth R. Haviland (1845 &#8211; 1888).<\/p>\n\n\n\n<p>Excelente aluno, com fasc\u00ednio pelas ci\u00eancias e engenharias, obteve em 1897 uma bolsa para estudar engenharia mec\u00e2nica na prestigiada Universidade de Cornell.<\/p>\n\n\n\n<p>Ap\u00f3s a conclus\u00e3o do seu curso, foi trabalhar para a empresa gr\u00e1fica Buffalo Forge Company, com a responsabilidade de desenvolver ventiladores de caldeira de elevada efici\u00eancia e com baixos consumos energ\u00e9ticos.<\/p>\n\n\n\n<p>A sua capacidade de trabalho e intelig\u00eancia chamou a aten\u00e7\u00e3o dos seus superiores que o convidaram a encontrar uma solu\u00e7\u00e3o para o elevado n\u00edvel de concentra\u00e7\u00e3o de \u00e1gua que existia no ar da gr\u00e1fica, que fazia com que o papel se expandisse, impedindo que a tinta se fixasse devidamente nas impress\u00f5es.<\/p>\n\n\n\n<h3>A inven\u00e7\u00e3o do ar condicionado<\/h3>\n\n\n\n<p>Carrier trabalhou arduamente no projeto e a 17 de julho de 1902 apresentou os desenhos do que viria a ser o moderno sistema de ar condicionado. Os desenhos sa\u00edram do papel e em 1903 foi instalado aquele que viria a ser considerado o primeiro equipamento de ar condicionado e regulador da humidade do ar.<\/p>\n\n\n\n<p>Apesar de cumprir as 4 fun\u00e7\u00f5es b\u00e1sicas dos atuais sistemas &#8211; controlo de temperatura, da humidade, da ventila\u00e7\u00e3o e da circula\u00e7\u00e3o do ar, bem como a purifica\u00e7\u00e3o do ar &#8211; o equipamento iria ser submetido um longo processo de desenvolvimento e testes at\u00e9 ser patenteado a 2 de janeiro de 1906, com a designa\u00e7\u00e3o de &#8220;equipamento para o tratamento do ar&#8221;.<\/p>\n\n\n\n<p>No final de 1906, foi comercializado o primeiro equipamento de ar condicionado, tendo sido vendido ao LaCrosse National Bank, La Crosse, situado em Wisconsin.<\/p>\n\n\n\n<p>A procura por este tipo de aparelhos cresceu ao ponto de em 1907 a Buffalo Forge Company ter criado uma \u00e1rea dedicada ao ar condicionado, liderada por Carrier.<\/p>\n\n\n\n<p>O in\u00edcio da 1\u00aa Guerra Mundial interrompeu o sucesso desta \u00e1rea de neg\u00f3cio e levou ao fim da Carrier Air Condicioning of America.<\/p>\n\n\n\n<h3>Carrier &#8211; o sucesso alavancado na 7\u00aa Arte<\/h3>\n\n\n\n<p>Em 1915 Carrier fundou a Carrier Engineering Corporation em conjunto com alguns colegas e amigos. A empresa manteve-se no fabrico de equipamentos de ar condicionado destinados \u00e0 ind\u00fastria at\u00e9 que em 1924 o foco passou tamb\u00e9m a ser o conforto do p\u00fablico em geral. Para tal muito contribuiu o cinema.<\/p>\n\n\n\n<p>Na segunda metade da d\u00e9cada de de 20 do s\u00e9culo passado, a ind\u00fastria cinematogr\u00e1fica foi uma das grandes impulsionadoras do ar condicionado, alavancando o crescimento da empresa, j\u00e1 que instalou mais de 330 equipamentos em salas de cinema por todo o pa\u00eds.<\/p>\n\n\n\n<p>O crescimento foi interrompido com a Grande Depress\u00e3o e o in\u00edcio da 2\u00aa Guerra Mundial, ainda que entre 1940 e 1944, Carrier tenha desenvolvido o t\u00fanel de vento que simula as condi\u00e7\u00f5es de congelamento; esta foi uma inven\u00e7\u00e3o fundamental para os testes de aeronaves de grandes altitudes.<\/p>\n\n\n\n<p>Willis Carrier faleceu em 1950. Contudo, o seu legado prolonga-se at\u00e9 hoje e \u00e9 gra\u00e7as a ele e a outros inventores como ele que hoje podemos usufruir de espa\u00e7os climatizados que nos proporcionam conforto e bem-estar.<\/p>\n","protected":false},"excerpt":{"rendered":"<p>Se no nosso texto Breve Hist\u00f3ria do Ar Condicionado abord\u00e1mos a evolu\u00e7\u00e3o deste equipamento, no artigo de hoje vamos desvendar um pouco da vida do engenheiro mec\u00e2nico norte americano considerado o pai destes equipamentos: Willis Carrier. Willis Carrier &#8211; inventor do ar condicionado Carrier nasceu &hellip; <a href=\"https:\/\/galraorenovaveis.pt\/index.php\/2021\/11\/29\/willis-carrier-o-inventor-do-ar-condiciondo\/\" class=\"more-link\"><span>Continue reading<span class=\"screen-reader-text\">Willis Carrier &#8211; O inventor do ar condiciondo<\/span><\/span><\/a><\/p>\n","protected":false},"author":4,"featured_media":613,"comment_status":"closed","ping_status":"closed","sticky":false,"template":"","format":"standard","meta":{"_joinchat":[]},"categories":[1],"tags":[],"_links":{"self":[{"href":"https:\/\/galraorenovaveis.pt\/index.php\/wp-json\/wp\/v2\/posts\/609"}],"collection":[{"href":"https:\/\/galraorenovaveis.pt\/index.php\/wp-json\/wp\/v2\/posts"}],"about":[{"href":"https:\/\/galraorenovaveis.pt\/index.php\/wp-json\/wp\/v2\/types\/post"}],"author":[{"embeddable":true,"href":"https:\/\/galraorenovaveis.pt\/index.php\/wp-json\/wp\/v2\/users\/4"}],"replies":[{"embeddable":true,"href":"https:\/\/galraorenovaveis.pt\/index.php\/wp-json\/wp\/v2\/comments?post=609"}],"version-history":[{"count":3,"href":"https:\/\/galraorenovaveis.pt\/index.php\/wp-json\/wp\/v2\/posts\/609\/revisions"}],"predecessor-version":[{"id":612,"href":"https:\/\/galraorenovaveis.pt\/index.php\/wp-json\/wp\/v2\/posts\/609\/revisions\/612"}],"wp:featuredmedia":[{"embeddable":true,"href":"https:\/\/galraorenovaveis.pt\/index.php\/wp-json\/wp\/v2\/media\/613"}],"wp:attachment":[{"href":"https:\/\/galraorenovaveis.pt\/index.php\/wp-json\/wp\/v2\/media?parent=609"}],"wp:term":[{"taxonomy":"category","embeddable":true,"href":"https:\/\/galraorenovaveis.pt\/index.php\/wp-json\/wp\/v2\/categories?post=609"},{"taxonomy":"post_tag","embeddable":true,"href":"https:\/\/galraorenovaveis.pt\/index.php\/wp-json\/wp\/v2\/tags?post=609"}],"curies":[{"name":"wp","href":"https:\/\/api.w.org\/{rel}","templated":true}]}}