{"id":699,"date":"2022-04-22T14:41:00","date_gmt":"2022-04-22T14:41:00","guid":{"rendered":"https:\/\/galraorenovaveis.pt\/?p=699"},"modified":"2022-04-16T14:44:29","modified_gmt":"2022-04-16T14:44:29","slug":"dicas-para-poupar-na-fatura-da-luz-2","status":"publish","type":"post","link":"https:\/\/galraorenovaveis.pt\/index.php\/2022\/04\/22\/dicas-para-poupar-na-fatura-da-luz-2\/","title":{"rendered":"Mitos sobre o piso radiante"},"content":{"rendered":"\n<p>Apesar de ser uma op\u00e7\u00e3o de aquecimento cada vez mais apreciada, existem ainda alguma no\u00e7\u00f5es erradas sobre o piso radiante que levantam resist\u00eancia \u00e0 sua ado\u00e7\u00e3o. Neste artigo iremos esclarecer algumas quest\u00f5es que os nossos clientes nos t\u00eam levantado ao longo dos tempos.<\/p>\n\n\n\n<h3>6 Mitos sobre o piso radiante<\/h3>\n\n\n\n<h4><strong>Mito 1 &#8211; O piso radiante \u00e9 mais caro do que os radiadores<\/strong><\/h4>\n\n\n\n<p>Por ser um sistema mais eficiente em termos energ\u00e9ticos e exigir menos manuten\u00e7\u00e3o, o piso radiante acaba por ser um investimento que compensa a longo prazo o facto de ter um custo de instala\u00e7\u00e3o mais elevado.<\/p>\n\n\n\n<h4><strong>Mito 2 &#8211; O piso radiante \u00e9 menos eficiente em termos de aquecimento<\/strong><\/h4>\n\n\n\n<p>Apesar de n\u00e3o produzir tanto calor localizado como um radiador convencional, o piso radiante distribui o calor de uma forma muito mais uniforme, o que lhe permite gerar um ambiente extremamente confort\u00e1vel.<\/p>\n\n\n\n<p>Al\u00e9m disso, \u00e9 poss\u00edvel definir a temperatura desejada atrav\u00e9s do ajuste do term\u00f3stato.<\/p>\n\n\n\n<h4><strong>Mito 3 &#8211; O piso radiante \u00e9 mais lento no aquecimento<\/strong><\/h4>\n\n\n\n<p>Ainda que os sistemas hidr\u00e1ulicos sejam de facto um pouco mais lentos, tal n\u00e3o implica que a sua casa n\u00e3o aque\u00e7a ou demore uma eternidade a aquecer. Caso configure corretamente o sistema, obter\u00e1 uma temperatura agrad\u00e1vel num per\u00edodo de tempo perfeitamente aceit\u00e1vel e sem o elevado consumo associado aos radiadores e a outros sistemas intermitentes que disparam o consumo el\u00e9trico quando s\u00e3o ligados.<\/p>\n\n\n\n<h4><strong>Mito 4 &#8211; O piso radiante \u00e9 prejudicial \u00e0 sa\u00fade<\/strong><\/h4>\n\n\n\n<p>Os primeiros sistemas de piso radiante permitiam ajustar a temperatura at\u00e9 aos 35\u00baC, o que \u00e9 excessivo e pode, de facto, ter algum impacto na sa\u00fade, nomeadamente, causar o incha\u00e7o dos p\u00e9s. Assim, se o sistema estiver ajustado entre os 19\u00baC e os 25\u00baC, consoante o gosto de cada propriet\u00e1rio, esta quest\u00e3o deixa de fazer sentido.<\/p>\n\n\n\n<p>Em termos de sa\u00fade h\u00e1 ainda a referir que este sistema \u00e9 aconselhado para quem tem alergias ou problemas respirat\u00f3rios uma vez que n\u00e3o s\u00f3 impede a circula\u00e7\u00e3o de part\u00edculas de p\u00f3 como \u00e9 um sistema sem ventila\u00e7\u00e3o, ou seja, sem correntes de ar, que mant\u00e9m n\u00edveis de humidade ideias e n\u00e3o acumula \u00e1caros nem mofo.<\/p>\n\n\n\n<h4><strong>Mito 5 &#8211; O piso radiante s\u00f3 pode ser instalado no ch\u00e3o<\/strong><\/h4>\n\n\n\n<p>Ao contr\u00e1rio do que o pr\u00f3prio nome possa indicar, o piso radiante pode tamb\u00e9m ser instalado em paredes e no teto. Estas alternativas podem diminuir os custos de instala\u00e7\u00e3o e aumentar a efici\u00eancia do sistema.<\/p>\n\n\n\n<h4><strong>Mito 6 &#8211; N\u00e3o \u00e9 poss\u00edvel instalar um piso radiante num espa\u00e7o com parquet<\/strong><\/h4>\n\n\n\n<p>Hoje em dia o piso radiante pode ser instalado em quase todo o tipo de pisos, desde a pedra natural aos materiais aglomerados. Apenas \u00e9 necess\u00e1rio escolher o sistema que se adeque melhor ao piso existente.<\/p>\n\n\n\n<p>Esperamos com este artigo ter desmistificado alguns <strong>mitos sobre o piso radiante<\/strong> e ter contribu\u00eddo para tomadas de decis\u00e3o mais conscientes sobre os sistemas de aquecimento a adotar. Na Galr\u00e3o Renov\u00e1veis estamos \u00e0 disposi\u00e7\u00e3o para o ajudar a esclarecer eventuais d\u00favidas que ainda possa ter, basta contactar-nos.<\/p>\n","protected":false},"excerpt":{"rendered":"<p>Apesar de ser uma op\u00e7\u00e3o de aquecimento cada vez mais apreciada, existem ainda alguma no\u00e7\u00f5es erradas sobre o piso radiante que levantam resist\u00eancia \u00e0 sua ado\u00e7\u00e3o. Neste artigo iremos esclarecer algumas quest\u00f5es que os nossos clientes nos t\u00eam levantado ao longo dos tempos. 6 Mitos &hellip; <a href=\"https:\/\/galraorenovaveis.pt\/index.php\/2022\/04\/22\/dicas-para-poupar-na-fatura-da-luz-2\/\" class=\"more-link\"><span>Continue reading<span class=\"screen-reader-text\">Mitos sobre o piso radiante<\/span><\/span><\/a><\/p>\n","protected":false},"author":4,"featured_media":701,"comment_status":"closed","ping_status":"closed","sticky":false,"template":"","format":"standard","meta":{"_joinchat":[]},"categories":[1],"tags":[],"_links":{"self":[{"href":"https:\/\/galraorenovaveis.pt\/index.php\/wp-json\/wp\/v2\/posts\/699"}],"collection":[{"href":"https:\/\/galraorenovaveis.pt\/index.php\/wp-json\/wp\/v2\/posts"}],"about":[{"href":"https:\/\/galraorenovaveis.pt\/index.php\/wp-json\/wp\/v2\/types\/post"}],"author":[{"embeddable":true,"href":"https:\/\/galraorenovaveis.pt\/index.php\/wp-json\/wp\/v2\/users\/4"}],"replies":[{"embeddable":true,"href":"https:\/\/galraorenovaveis.pt\/index.php\/wp-json\/wp\/v2\/comments?post=699"}],"version-history":[{"count":3,"href":"https:\/\/galraorenovaveis.pt\/index.php\/wp-json\/wp\/v2\/posts\/699\/revisions"}],"predecessor-version":[{"id":705,"href":"https:\/\/galraorenovaveis.pt\/index.php\/wp-json\/wp\/v2\/posts\/699\/revisions\/705"}],"wp:featuredmedia":[{"embeddable":true,"href":"https:\/\/galraorenovaveis.pt\/index.php\/wp-json\/wp\/v2\/media\/701"}],"wp:attachment":[{"href":"https:\/\/galraorenovaveis.pt\/index.php\/wp-json\/wp\/v2\/media?parent=699"}],"wp:term":[{"taxonomy":"category","embeddable":true,"href":"https:\/\/galraorenovaveis.pt\/index.php\/wp-json\/wp\/v2\/categories?post=699"},{"taxonomy":"post_tag","embeddable":true,"href":"https:\/\/galraorenovaveis.pt\/index.php\/wp-json\/wp\/v2\/tags?post=699"}],"curies":[{"name":"wp","href":"https:\/\/api.w.org\/{rel}","templated":true}]}}